[{"@context":"https:\/\/schema.org\/","@type":"Article","@id":"https:\/\/www.zalbo.cz\/toto-jsou-nejbarevnejsi-ulice-v-evrope\/#Article","mainEntityOfPage":"https:\/\/www.zalbo.cz\/toto-jsou-nejbarevnejsi-ulice-v-evrope\/","headline":"Toto jsou nejbarevn\u011bj\u0161\u00ed ulice v Evrop\u011b","name":"Toto jsou nejbarevn\u011bj\u0161\u00ed ulice v Evrop\u011b","description":"Colmar, Francie Je pova\u017eov\u00e1no za jedno z\u00a0nejkr\u00e1sn\u011bj\u0161\u00edch m\u011bst v\u00a0Evrop\u011b. Ka\u017ed\u00e1 ulice v\u00a0tomto malebn\u00e9m st\u0159edov\u011bk\u00e9m m\u011bste\u010dku je exploz\u00ed barev. Je zde [&hellip;]","datePublished":"2019-01-26","dateModified":"2023-05-01","author":{"@type":"Person","@id":"https:\/\/www.zalbo.cz\/author\/#Person","name":"","url":"https:\/\/www.zalbo.cz\/author\/","identifier":1,"image":{"@type":"ImageObject","@id":"https:\/\/secure.gravatar.com\/avatar\/c065076eb86551fdb70725c8063acf1b60a8edaed14ed654228c4cba13121c83?s=96&d=mm&r=g","url":"https:\/\/secure.gravatar.com\/avatar\/c065076eb86551fdb70725c8063acf1b60a8edaed14ed654228c4cba13121c83?s=96&d=mm&r=g","height":96,"width":96}},"publisher":{"@type":"Organization","name":"zalbo.cz","logo":{"@type":"ImageObject","@id":"\/logo.png","url":"\/logo.png","width":600,"height":60}},"image":{"@type":"ImageObject","@id":"https:\/\/www.zalbo.cz\/wp-content\/uploads\/img_a340682_w2427_t1553597608.jpg","url":"https:\/\/www.zalbo.cz\/wp-content\/uploads\/img_a340682_w2427_t1553597608.jpg","height":0,"width":0},"url":"https:\/\/www.zalbo.cz\/toto-jsou-nejbarevnejsi-ulice-v-evrope\/","about":["Z\u00e1bava"],"wordCount":406,"articleBody":"\tColmar, Francie\tJe pova\u017eov\u00e1no za jedno z\u00a0nejkr\u00e1sn\u011bj\u0161\u00edch m\u011bst v\u00a0Evrop\u011b. Ka\u017ed\u00e1 ulice v\u00a0tomto malebn\u00e9m st\u0159edov\u011bk\u00e9m m\u011bste\u010dku je exploz\u00ed barev. Je zde dob\u0159e zachoval\u00e1 sm\u011bs germ\u00e1nsk\u00e9 a francouzsk\u00e9 architektury, kter\u00e1 d\u00e1v\u00e1 m\u011bstu jedine\u010dnou stylovou zn\u00e1mku.\t\tD\u016fm Happy Rizzi v\u00a0Braunschweig, N\u011bmecko\tJedn\u00e1 se o tvorbu americk\u00e9ho um\u011blce Jamese Rizziho v\u00a0jeho osobit\u00e9m grafick\u00e9m ilustrativn\u00edm stylu.\tKancel\u00e1\u0159sk\u00fd komplex zahrnuje deformovan\u00e1 okna a reli\u00e9fy, kter\u00e9 dopl\u0148uj\u00ed Rizziho kresby.\t\u00a0\tBurano, It\u00e1lie\tJasn\u011b zbarven\u00e9 ryb\u00e1\u0159sk\u00e9 domy na ostrov\u011b Burano, kter\u00fd se nach\u00e1z\u00ed v\u00a0ben\u00e1tsk\u00e9 lagun\u011b, mus\u00ed zachovat p\u0159\u00edsn\u00e9 barevn\u00e9 sch\u00e9ma, kter\u00e9 bylo zavedeno ji\u017e p\u0159i zalo\u017een\u00ed ostrova. Obyvatel\u00e9 nemohou malovat sv\u00e9 domy bez toho, aby nejprve dostali povolen\u00ed od vl\u00e1dy.\t\u00a0\tStortorget ve Stockholmu, \u0160v\u00e9dsko\tNejstar\u0161\u00ed n\u00e1m\u011bst\u00ed ve Stockholmu je zn\u00e1m\u00e9 slavn\u00fdmi v\u00e1no\u010dn\u00edmi trhy a sv\u00fdmi n\u00e1padn\u011b malovan\u00fdmi domy obchodn\u00edk\u016f ze 17. stolet\u00ed. Odv\u00e1\u017en\u00e1 \u010derven\u00e1, \u017elut\u00e1 a zelen\u00e1 budova v\u00a0srdci Star\u00e9ho m\u011bsta rozvesel\u00ed i ty nejchladn\u011bj\u0161\u00ed skandin\u00e1vsk\u00e9 dny.\t\u00a0\tNyhvn v\u00a0Kodani, D\u00e1nsko\tJasn\u011b zbarven\u00e9 budovy ze 17. stolet\u00ed se nach\u00e1zej\u00ed na severn\u00ed stran\u011b koda\u0148sk\u00e9ho star\u00e9ho p\u0159\u00edstavu Nyhvn, kde kdysi \u017eil spisovatel Hans Christian Andersen.\t\u00a0\tHlavn\u00ed n\u00e1m\u011bst\u00ed v\u00a0Poznani, Polsko\tStarom\u011bstsk\u00e9 n\u00e1m\u011bst\u00ed je obklopeno b\u00fdval\u00fdmi obchodn\u00edmi domy, kter\u00e9 byly namalov\u00e1ny ve st\u0159edomo\u0159sk\u00fdch odst\u00ednech azurov\u00e9 modr\u00e9, syt\u00e9 zelen\u00e9 a zemit\u00e9 \u017elut\u00e9. Velk\u00e1 \u010d\u00e1st n\u00e1m\u011bst\u00ed byla zni\u010dena b\u011bhem 2. sv\u011btov\u00e9 v\u00e1lky a pot\u00e9 bylo pe\u010dliv\u011b p\u0159estav\u011bno v\u00a0pades\u00e1t\u00fdch letech. Ka\u017ed\u00e1 budova je tak individu\u00e1ln\u00ed s\u00a0r\u016fzn\u00fdmi ozdobn\u00fdmi detaily a vlysy.\t\u00a0\tRue Cr\u00e9mieux v\u00a0Pa\u0159\u00ed\u017ei, Francie\tJen kousek od shonu Gare de Lyon v\u00a012. pa\u0159\u00ed\u017esk\u00e9m obvodu se nach\u00e1z\u00ed enkl\u00e1va pastelov\u00fdch nebes. Ulice je pojmenovan\u00e1 podle ministra spravedlnosti Adolpha Cr\u00e9mieux.\t\u00a0\tNova di Carvalho v\u00a0Lisabonu, Portugalsko\tLisabon je zn\u00e1m\u00fd zejm\u00e9na pro sv\u00e9 jedine\u010dn\u00e9 kachlov\u00e9 budovy, ale nach\u00e1z\u00ed se zde i mnoho pestrobarevn\u00fdch ulic, z\u00a0nich\u017e jsou mnoh\u00e9 ve star\u00e9m m\u011bst\u011b.\u00a0 R\u016f\u017eov\u00e1 ulice je projekt Jos\u00e9 Adri\u00e3o a m\u011bstsk\u00e9 rady za \u00fa\u010delem vytvo\u0159en\u00ed pozitivn\u00ed regenerace ulice.                                                                                                                                                                                                                                                                                                                                                                                        4.5\/5 - (13 votes)        "},{"@context":"https:\/\/schema.org\/","@type":"BreadcrumbList","itemListElement":[{"@type":"ListItem","position":1,"name":"Toto jsou nejbarevn\u011bj\u0161\u00ed ulice v Evrop\u011b","item":"https:\/\/www.zalbo.cz\/toto-jsou-nejbarevnejsi-ulice-v-evrope\/#breadcrumbitem"}]}]